[{"@context":"https:\/\/schema.org\/","@type":"Article","@id":"https:\/\/www.glinec.sk\/myslite-na-dolezite-veci\/#Article","mainEntityOfPage":"https:\/\/www.glinec.sk\/myslite-na-dolezite-veci\/","headline":"Myslite na d\u00f4le\u017eit\u00e9 veci","name":"Myslite na d\u00f4le\u017eit\u00e9 veci","description":"Aj ke\u010f s\u00fa mo\u017eno niektor\u00e9 veci nanajv\u00fd\u0161 pochopite\u013en\u00e9, niektor\u00ed \u013eudia sa proste nevedia zmieri\u0165 s t\u00fdm, \u017ee niekto vyslovene potrebuje...","datePublished":"2018-08-03","dateModified":"2023-04-27","author":{"@type":"Person","@id":"https:\/\/www.glinec.sk\/author\/#Person","name":"","url":"https:\/\/www.glinec.sk\/author\/","identifier":1,"image":{"@type":"ImageObject","@id":"https:\/\/secure.gravatar.com\/avatar\/f5ad5dcd5c02ecc0fdaf1fe4b2e9a39ad5c5cc2b614885090f6f77b1ccabb3a9?s=96&d=mm&r=g","url":"https:\/\/secure.gravatar.com\/avatar\/f5ad5dcd5c02ecc0fdaf1fe4b2e9a39ad5c5cc2b614885090f6f77b1ccabb3a9?s=96&d=mm&r=g","height":96,"width":96}},"publisher":{"@type":"Organization","name":"glinec.sk","logo":{"@type":"ImageObject","@id":"\/logo.png","url":"\/logo.png","width":600,"height":60}},"image":{"@type":"ImageObject","@id":"https:\/\/www.glinec.sk\/wp-content\/uploads\/img_a291728_w16643_t1538578155.jpg","url":"https:\/\/www.glinec.sk\/wp-content\/uploads\/img_a291728_w16643_t1538578155.jpg","height":0,"width":0},"url":"https:\/\/www.glinec.sk\/myslite-na-dolezite-veci\/","about":["Dovolenka"],"wordCount":413,"articleBody":"Aj ke\u010f s\u00fa mo\u017eno niektor\u00e9 veci nanajv\u00fd\u0161 pochopite\u013en\u00e9, niektor\u00ed \u013eudia sa proste nevedia zmieri\u0165 s t\u00fdm, \u017ee niekto vyslovene potrebuje dovolenku v septembri. Alebo jednoducho od\u00eds\u0165 do tepla vtedy, ke\u010f je im zima. Asi je jasn\u00e9, \u017ee nie ka\u017ed\u00fd tomu \u00faplne rozumie, no to e\u0161te neznamen\u00e1, \u017ee by sme mali ods\u00fadi\u0165 v\u0161etk\u00fdch \u013eud\u00ed, ktor\u00ed sa rozhodn\u00fa, \u017ee p\u00f4jdu na dovolenku v zime. Ke\u010f si to raz niekto m\u00f4\u017ee dovoli\u0165, tak pre\u010do by nemohol od\u00eds\u0165? Pre\u010do by sa nemohol len tak vybra\u0165, \u017ee proste ide do tepla, ke\u010f ho nekone\u010dn\u00e1 zima, ktor\u00fa m\u00e1me pr\u00e1ve v tejto chv\u00edli doma, proste nebav\u00ed?  Je to ka\u017ed\u00e9ho osobn\u00e1 vec a my sme tu iba na to, aby sme v\u00e1m poradili, \u010do je jednozna\u010dne to najlep\u0161ie, \u010do m\u00f4\u017eete urobi\u0165, ke\u010f sa chyst\u00e1te na dovolenku v zime, \u010di\u017ee v podstate mimo sez\u00f3nu. Podstatn\u00e9 v\u0161ak je, aby ste si uvedomili, \u017ee nie v ka\u017edej krajine je dovolenka v zime mimosez\u00f3nna. Preto\u017ee nech sa deje \u010doko\u013evek, v niektor\u00fdch krajin\u00e1ch je teplo cel\u00fd rok, \u010di\u017ee je u nich sez\u00f3na v podstate st\u00e1le a pr\u00e1ve to sa odr\u00e1\u017ea aj na cen\u00e1ch, ktor\u00e9 nemusia by\u0165 vyslovene lacnej\u0161ie, ako po\u010das leta. Dajte si na pozor, preto\u017ee pr\u00e1ve v tak\u00fdchto chv\u00ed\u013each sa m\u00f4\u017eete sta\u0165 obe\u0165ami podvodov, a to teda nie je ni\u010d, \u010do by bolo pr\u00edjemn\u00e9, no nie?  U\u017ei\u0165 si dovolenku v zime nie je \u017eiadny probl\u00e9m, ale mus\u00edte si poriadne zmapova\u0165, kam sa chyst\u00e1te a \u010do chcete naozaj vidie\u0165 a taktie\u017e aj to, \u010do vlastne od svojej dovolenky o\u010dak\u00e1vate. Verte tomu, \u017ee ke\u010f sa na to raz pozriete presne z tohto h\u013eadiska, m\u00f4\u017eete si by\u0165 na istom a budete vedie\u0165 aj to, kam chcete \u00eds\u0165 a pre\u010do tam chcete \u00eds\u0165. Asi by ste sa mali zamyslie\u0165 nad klasikou ako je Egypt, ale exotika na Bali \u010di v Thajsku sa predsa len ukazuje ako ve\u013emi dobr\u00e1 vo\u013eba. Je to v\u0161ak len a len na v\u00e1s a t\u00fdm si m\u00f4\u017eete by\u0165 ist\u00fd. Aj ke\u010f sa v\u00e1m to mo\u017eno teraz nezd\u00e1, v kone\u010dnom d\u00f4sledku aj tak ur\u010dite pr\u00eddete na to, \u010do je pre v\u00e1s to naj.                                                                                                                                                                                                                                                                                                                                                                                        4\/5 - (15 votes)        "},{"@context":"https:\/\/schema.org\/","@type":"BreadcrumbList","itemListElement":[{"@type":"ListItem","position":1,"name":"Myslite na d\u00f4le\u017eit\u00e9 veci","item":"https:\/\/www.glinec.sk\/myslite-na-dolezite-veci\/#breadcrumbitem"}]}]